{"id":3024,"date":"2024-08-10T16:22:45","date_gmt":"2024-08-10T14:22:45","guid":{"rendered":"https:\/\/nti-feuerwehrbekleidung.de\/aktuelles\/uncategorized\/new-image-film-in-the-can\/"},"modified":"2024-09-18T10:03:36","modified_gmt":"2024-09-18T08:03:36","slug":"new-image-film-in-the-can","status":"publish","type":"post","link":"https:\/\/nti-feuerwehrbekleidung.de\/en\/aktuelles\/uncategorized\/new-image-film-in-the-can\/","title":{"rendered":"New image film in the can"},"content":{"rendered":"\t\t<div data-elementor-type=\"wp-post\" data-elementor-id=\"3024\" class=\"elementor elementor-3024 elementor-3016\" data-elementor-post-type=\"post\">\n\t\t\t\t\t\t<section class=\"elementor-section elementor-top-section elementor-element elementor-element-5e6b73e3 elementor-section-boxed elementor-section-height-default elementor-section-height-default\" data-id=\"5e6b73e3\" data-element_type=\"section\" data-e-type=\"section\" data-settings=\"{&quot;jet_parallax_layout_list&quot;:[]}\">\n\t\t\t\t\t\t<div class=\"elementor-container elementor-column-gap-default\">\n\t\t\t\t\t<div class=\"elementor-column elementor-col-100 elementor-top-column elementor-element elementor-element-d8e60d3\" data-id=\"d8e60d3\" data-element_type=\"column\" data-e-type=\"column\">\n\t\t\t<div class=\"elementor-widget-wrap elementor-element-populated\">\n\t\t\t\t\t\t<div class=\"elementor-element elementor-element-233554e1 elementor-widget elementor-widget-text-editor\" data-id=\"233554e1\" data-element_type=\"widget\" data-e-type=\"widget\" data-widget_type=\"text-editor.default\">\n\t\t\t\t<div class=\"elementor-widget-container\">\n\t\t\t\t\t\t\t\t\tNach dem erfolgreichen Release des Mutliflex Image-Films, wurden nun auch unsere Innenangriffsprodukte NTi Modell 1 und Modell 2 actionreich in Szene gesetzt.\r\n\r\nWir sind der Meinung, dass Feuerwehrschutzbekleidung ein Produkt ist, das es verdient hat extrem emotional pr\u00e4sentiert zu werden. Und wer k\u00f6nnte diese Aufgabe besser erf\u00fcllen, als Feuerwehrkameradinnen und -kameraden, die die Bekleidung auch selber tragen?\r\n\r\nIn Zusammenarbeit mit Feuerwehrleuten der Feuerwehr Neustadt und Marsberg, unseren Kooperationspartnern Oliver und Andr\u00e9 vom Feuerwehrsport-Team Firesports Dortmund, sowie der Medienagentur RLS Jakobsmeyer hatten wir einen erfolgreichen Drehtag, bei dem tolle Aufnahmen unserer Anz\u00fcge im Einsatz entstanden sind. Das Endergebnis des Films wird in K\u00fcrze auf allen bekannten Kan\u00e4len kommuniziert.\t\t\t\t\t\t\t\t<\/div>\n\t\t\t\t<\/div>\n\t\t\t\t\t<\/div>\n\t\t<\/div>\n\t\t\t\t\t<\/div>\n\t\t<\/section>\n\t\t\t\t<section class=\"elementor-section elementor-top-section elementor-element elementor-element-093e618 elementor-section-boxed elementor-section-height-default elementor-section-height-default\" data-id=\"093e618\" data-element_type=\"section\" data-e-type=\"section\" data-settings=\"{&quot;jet_parallax_layout_list&quot;:[]}\">\n\t\t\t\t\t\t<div class=\"elementor-container elementor-column-gap-default\">\n\t\t\t\t\t<div class=\"elementor-column elementor-col-33 elementor-top-column elementor-element elementor-element-d7c60e6\" data-id=\"d7c60e6\" data-element_type=\"column\" data-e-type=\"column\">\n\t\t\t<div class=\"elementor-widget-wrap elementor-element-populated\">\n\t\t\t\t\t\t<div class=\"elementor-element elementor-element-7aec0ce elementor-widget elementor-widget-image\" data-id=\"7aec0ce\" data-element_type=\"widget\" data-e-type=\"widget\" data-widget_type=\"image.default\">\n\t\t\t\t<div class=\"elementor-widget-container\">\n\t\t\t\t\t\t\t\t\t\t\t\t\t\t\t<img fetchpriority=\"high\" decoding=\"async\" width=\"225\" height=\"300\" src=\"https:\/\/nti-feuerwehrbekleidung.de\/wp-content\/uploads\/2024\/08\/IMG_0797-225x300.jpg\" class=\"attachment-medium size-medium wp-image-3031\" alt=\"\" srcset=\"https:\/\/nti-feuerwehrbekleidung.de\/wp-content\/uploads\/2024\/08\/IMG_0797-225x300.jpg 225w, https:\/\/nti-feuerwehrbekleidung.de\/wp-content\/uploads\/2024\/08\/IMG_0797-768x1024.jpg 768w, https:\/\/nti-feuerwehrbekleidung.de\/wp-content\/uploads\/2024\/08\/IMG_0797-1152x1536.jpg 1152w, https:\/\/nti-feuerwehrbekleidung.de\/wp-content\/uploads\/2024\/08\/IMG_0797-1536x2048.jpg 1536w, https:\/\/nti-feuerwehrbekleidung.de\/wp-content\/uploads\/2024\/08\/IMG_0797-scaled.jpg 1920w\" sizes=\"(max-width: 225px) 100vw, 225px\" \/>\t\t\t\t\t\t\t\t\t\t\t\t\t\t\t<\/div>\n\t\t\t\t<\/div>\n\t\t\t\t\t<\/div>\n\t\t<\/div>\n\t\t\t\t<div class=\"elementor-column elementor-col-33 elementor-top-column elementor-element elementor-element-af6ffc5\" data-id=\"af6ffc5\" data-element_type=\"column\" data-e-type=\"column\">\n\t\t\t<div class=\"elementor-widget-wrap elementor-element-populated\">\n\t\t\t\t\t\t<div class=\"elementor-element elementor-element-8431e44 elementor-widget elementor-widget-image\" data-id=\"8431e44\" data-element_type=\"widget\" data-e-type=\"widget\" data-widget_type=\"image.default\">\n\t\t\t\t<div class=\"elementor-widget-container\">\n\t\t\t\t\t\t\t\t\t\t\t\t\t\t\t<img decoding=\"async\" width=\"225\" height=\"300\" src=\"https:\/\/nti-feuerwehrbekleidung.de\/wp-content\/uploads\/2024\/08\/IMG_0848-225x300.jpg\" class=\"attachment-medium size-medium wp-image-3018\" alt=\"\" srcset=\"https:\/\/nti-feuerwehrbekleidung.de\/wp-content\/uploads\/2024\/08\/IMG_0848-225x300.jpg 225w, https:\/\/nti-feuerwehrbekleidung.de\/wp-content\/uploads\/2024\/08\/IMG_0848-768x1024.jpg 768w, https:\/\/nti-feuerwehrbekleidung.de\/wp-content\/uploads\/2024\/08\/IMG_0848-1152x1536.jpg 1152w, https:\/\/nti-feuerwehrbekleidung.de\/wp-content\/uploads\/2024\/08\/IMG_0848-1536x2048.jpg 1536w, https:\/\/nti-feuerwehrbekleidung.de\/wp-content\/uploads\/2024\/08\/IMG_0848-scaled.jpg 1920w\" sizes=\"(max-width: 225px) 100vw, 225px\" \/>\t\t\t\t\t\t\t\t\t\t\t\t\t\t\t<\/div>\n\t\t\t\t<\/div>\n\t\t\t\t\t<\/div>\n\t\t<\/div>\n\t\t\t\t<div class=\"elementor-column elementor-col-33 elementor-top-column elementor-element elementor-element-a0f1101\" data-id=\"a0f1101\" data-element_type=\"column\" data-e-type=\"column\">\n\t\t\t<div class=\"elementor-widget-wrap elementor-element-populated\">\n\t\t\t\t\t\t<div class=\"elementor-element elementor-element-6e94568 elementor-widget elementor-widget-image\" data-id=\"6e94568\" data-element_type=\"widget\" data-e-type=\"widget\" data-widget_type=\"image.default\">\n\t\t\t\t<div class=\"elementor-widget-container\">\n\t\t\t\t\t\t\t\t\t\t\t\t\t\t\t<img decoding=\"async\" width=\"225\" height=\"300\" src=\"https:\/\/nti-feuerwehrbekleidung.de\/wp-content\/uploads\/2024\/08\/IMG_0851-1-225x300.jpg\" class=\"attachment-medium size-medium wp-image-3034\" alt=\"\" srcset=\"https:\/\/nti-feuerwehrbekleidung.de\/wp-content\/uploads\/2024\/08\/IMG_0851-1-225x300.jpg 225w, https:\/\/nti-feuerwehrbekleidung.de\/wp-content\/uploads\/2024\/08\/IMG_0851-1-768x1024.jpg 768w, https:\/\/nti-feuerwehrbekleidung.de\/wp-content\/uploads\/2024\/08\/IMG_0851-1-1152x1536.jpg 1152w, https:\/\/nti-feuerwehrbekleidung.de\/wp-content\/uploads\/2024\/08\/IMG_0851-1-1536x2048.jpg 1536w, https:\/\/nti-feuerwehrbekleidung.de\/wp-content\/uploads\/2024\/08\/IMG_0851-1-scaled.jpg 1920w\" sizes=\"(max-width: 225px) 100vw, 225px\" \/>\t\t\t\t\t\t\t\t\t\t\t\t\t\t\t<\/div>\n\t\t\t\t<\/div>\n\t\t\t\t\t<\/div>\n\t\t<\/div>\n\t\t\t\t\t<\/div>\n\t\t<\/section>\n\t\t\t\t<\/div>\n\t\t","protected":false},"excerpt":{"rendered":"<p>Nach dem erfolgreichen Release des Mutliflex Image-Films, wurden nun auch unsere Innenangriffsprodukte NTi Modell 1 und Modell 2 actionreich in Szene gesetzt. Wir sind der Meinung, dass Feuerwehrschutzbekleidung ein Produkt ist, das es verdient hat extrem emotional pr\u00e4sentiert zu werden. Und wer k\u00f6nnte diese Aufgabe besser erf\u00fcllen, als Feuerwehrkameradinnen und -kameraden, die die Bekleidung auch [&hellip;]<\/p>\n","protected":false},"author":2,"featured_media":3042,"comment_status":"closed","ping_status":"open","sticky":false,"template":"","format":"standard","meta":{"_jet_sm_ready_style":"","_jet_sm_style":"","_jet_sm_controls_values":"","_jet_sm_fonts_collection":"","_jet_sm_fonts_links":"","footnotes":"","_wp_rev_ctl_limit":""},"categories":[11],"tags":[],"class_list":["post-3024","post","type-post","status-publish","format-standard","has-post-thumbnail","hentry","category-uncategorized"],"yoast_head":"<!-- This site is optimized with the Yoast SEO plugin v27.4 - https:\/\/yoast.com\/product\/yoast-seo-wordpress\/ -->\n<title>New image film in the can - NTI-Feuerwehrbekleidung<\/title>\n<meta name=\"robots\" content=\"index, follow, max-snippet:-1, max-image-preview:large, max-video-preview:-1\" \/>\n<link rel=\"canonical\" href=\"https:\/\/nti-feuerwehrbekleidung.de\/en\/aktuelles\/uncategorized\/new-image-film-in-the-can\/\" \/>\n<meta property=\"og:locale\" content=\"en_US\" \/>\n<meta property=\"og:type\" content=\"article\" \/>\n<meta property=\"og:title\" content=\"New image film in the can - NTI-Feuerwehrbekleidung\" \/>\n<meta property=\"og:description\" content=\"Nach dem erfolgreichen Release des Mutliflex Image-Films, wurden nun auch unsere Innenangriffsprodukte NTi Modell 1 und Modell 2 actionreich in Szene gesetzt. Wir sind der Meinung, dass Feuerwehrschutzbekleidung ein Produkt ist, das es verdient hat extrem emotional pr\u00e4sentiert zu werden. Und wer k\u00f6nnte diese Aufgabe besser erf\u00fcllen, als Feuerwehrkameradinnen und -kameraden, die die Bekleidung auch [&hellip;]\" \/>\n<meta property=\"og:url\" content=\"https:\/\/nti-feuerwehrbekleidung.de\/en\/aktuelles\/uncategorized\/new-image-film-in-the-can\/\" \/>\n<meta property=\"og:site_name\" content=\"NTI-Feuerwehrbekleidung\" \/>\n<meta property=\"article:published_time\" content=\"2024-08-10T14:22:45+00:00\" \/>\n<meta property=\"article:modified_time\" content=\"2024-09-18T08:03:36+00:00\" \/>\n<meta property=\"og:image\" content=\"https:\/\/nti-feuerwehrbekleidung.de\/wp-content\/uploads\/2024\/08\/IMG_0868-scaled.jpg\" \/>\n\t<meta property=\"og:image:width\" content=\"2560\" \/>\n\t<meta property=\"og:image:height\" content=\"1920\" \/>\n\t<meta property=\"og:image:type\" content=\"image\/jpeg\" \/>\n<meta name=\"author\" content=\"Achim von Bremen\" \/>\n<meta name=\"twitter:card\" content=\"summary_large_image\" \/>\n<meta name=\"twitter:label1\" content=\"Written by\" \/>\n\t<meta name=\"twitter:data1\" content=\"Achim von Bremen\" \/>\n\t<meta name=\"twitter:label2\" content=\"Est. reading time\" \/>\n\t<meta name=\"twitter:data2\" content=\"2 minutes\" \/>\n<script type=\"application\/ld+json\" class=\"yoast-schema-graph\">{\"@context\":\"https:\\\/\\\/schema.org\",\"@graph\":[{\"@type\":\"Article\",\"@id\":\"https:\\\/\\\/nti-feuerwehrbekleidung.de\\\/en\\\/aktuelles\\\/uncategorized\\\/new-image-film-in-the-can\\\/#article\",\"isPartOf\":{\"@id\":\"https:\\\/\\\/nti-feuerwehrbekleidung.de\\\/en\\\/aktuelles\\\/uncategorized\\\/new-image-film-in-the-can\\\/\"},\"author\":{\"name\":\"Achim von Bremen\",\"@id\":\"https:\\\/\\\/nti-feuerwehrbekleidung.de\\\/en\\\/#\\\/schema\\\/person\\\/3eda8830fe825c5cebc4877a8099c0fd\"},\"headline\":\"New image film in the can\",\"datePublished\":\"2024-08-10T14:22:45+00:00\",\"dateModified\":\"2024-09-18T08:03:36+00:00\",\"mainEntityOfPage\":{\"@id\":\"https:\\\/\\\/nti-feuerwehrbekleidung.de\\\/en\\\/aktuelles\\\/uncategorized\\\/new-image-film-in-the-can\\\/\"},\"wordCount\":117,\"publisher\":{\"@id\":\"https:\\\/\\\/nti-feuerwehrbekleidung.de\\\/en\\\/#organization\"},\"image\":{\"@id\":\"https:\\\/\\\/nti-feuerwehrbekleidung.de\\\/en\\\/aktuelles\\\/uncategorized\\\/new-image-film-in-the-can\\\/#primaryimage\"},\"thumbnailUrl\":\"https:\\\/\\\/nti-feuerwehrbekleidung.de\\\/wp-content\\\/uploads\\\/2024\\\/08\\\/IMG_0868-scaled.jpg\",\"inLanguage\":\"en-US\"},{\"@type\":\"WebPage\",\"@id\":\"https:\\\/\\\/nti-feuerwehrbekleidung.de\\\/en\\\/aktuelles\\\/uncategorized\\\/new-image-film-in-the-can\\\/\",\"url\":\"https:\\\/\\\/nti-feuerwehrbekleidung.de\\\/en\\\/aktuelles\\\/uncategorized\\\/new-image-film-in-the-can\\\/\",\"name\":\"New image film in the can - NTI-Feuerwehrbekleidung\",\"isPartOf\":{\"@id\":\"https:\\\/\\\/nti-feuerwehrbekleidung.de\\\/en\\\/#website\"},\"primaryImageOfPage\":{\"@id\":\"https:\\\/\\\/nti-feuerwehrbekleidung.de\\\/en\\\/aktuelles\\\/uncategorized\\\/new-image-film-in-the-can\\\/#primaryimage\"},\"image\":{\"@id\":\"https:\\\/\\\/nti-feuerwehrbekleidung.de\\\/en\\\/aktuelles\\\/uncategorized\\\/new-image-film-in-the-can\\\/#primaryimage\"},\"thumbnailUrl\":\"https:\\\/\\\/nti-feuerwehrbekleidung.de\\\/wp-content\\\/uploads\\\/2024\\\/08\\\/IMG_0868-scaled.jpg\",\"datePublished\":\"2024-08-10T14:22:45+00:00\",\"dateModified\":\"2024-09-18T08:03:36+00:00\",\"breadcrumb\":{\"@id\":\"https:\\\/\\\/nti-feuerwehrbekleidung.de\\\/en\\\/aktuelles\\\/uncategorized\\\/new-image-film-in-the-can\\\/#breadcrumb\"},\"inLanguage\":\"en-US\",\"potentialAction\":[{\"@type\":\"ReadAction\",\"target\":[\"https:\\\/\\\/nti-feuerwehrbekleidung.de\\\/en\\\/aktuelles\\\/uncategorized\\\/new-image-film-in-the-can\\\/\"]}]},{\"@type\":\"ImageObject\",\"inLanguage\":\"en-US\",\"@id\":\"https:\\\/\\\/nti-feuerwehrbekleidung.de\\\/en\\\/aktuelles\\\/uncategorized\\\/new-image-film-in-the-can\\\/#primaryimage\",\"url\":\"https:\\\/\\\/nti-feuerwehrbekleidung.de\\\/wp-content\\\/uploads\\\/2024\\\/08\\\/IMG_0868-scaled.jpg\",\"contentUrl\":\"https:\\\/\\\/nti-feuerwehrbekleidung.de\\\/wp-content\\\/uploads\\\/2024\\\/08\\\/IMG_0868-scaled.jpg\",\"width\":2560,\"height\":1920},{\"@type\":\"BreadcrumbList\",\"@id\":\"https:\\\/\\\/nti-feuerwehrbekleidung.de\\\/en\\\/aktuelles\\\/uncategorized\\\/new-image-film-in-the-can\\\/#breadcrumb\",\"itemListElement\":[{\"@type\":\"ListItem\",\"position\":1,\"name\":\"Startseite\",\"item\":\"https:\\\/\\\/nti-feuerwehrbekleidung.de\\\/en\\\/home-page\\\/\"},{\"@type\":\"ListItem\",\"position\":2,\"name\":\"New image film in the can\"}]},{\"@type\":\"WebSite\",\"@id\":\"https:\\\/\\\/nti-feuerwehrbekleidung.de\\\/en\\\/#website\",\"url\":\"https:\\\/\\\/nti-feuerwehrbekleidung.de\\\/en\\\/\",\"name\":\"NTI-Feuerwehrbekleidung\",\"description\":\"Die premium Feuerwehrbekleidung\",\"publisher\":{\"@id\":\"https:\\\/\\\/nti-feuerwehrbekleidung.de\\\/en\\\/#organization\"},\"potentialAction\":[{\"@type\":\"SearchAction\",\"target\":{\"@type\":\"EntryPoint\",\"urlTemplate\":\"https:\\\/\\\/nti-feuerwehrbekleidung.de\\\/en\\\/?s={search_term_string}\"},\"query-input\":{\"@type\":\"PropertyValueSpecification\",\"valueRequired\":true,\"valueName\":\"search_term_string\"}}],\"inLanguage\":\"en-US\"},{\"@type\":\"Organization\",\"@id\":\"https:\\\/\\\/nti-feuerwehrbekleidung.de\\\/en\\\/#organization\",\"name\":\"NTI-Feuerwehrbekleidung\",\"url\":\"https:\\\/\\\/nti-feuerwehrbekleidung.de\\\/en\\\/\",\"logo\":{\"@type\":\"ImageObject\",\"inLanguage\":\"en-US\",\"@id\":\"https:\\\/\\\/nti-feuerwehrbekleidung.de\\\/en\\\/#\\\/schema\\\/logo\\\/image\\\/\",\"url\":\"https:\\\/\\\/nti-feuerwehrbekleidung.de\\\/wp-content\\\/uploads\\\/2023\\\/07\\\/Logo_Novotex-Isomat.png\",\"contentUrl\":\"https:\\\/\\\/nti-feuerwehrbekleidung.de\\\/wp-content\\\/uploads\\\/2023\\\/07\\\/Logo_Novotex-Isomat.png\",\"width\":885,\"height\":885,\"caption\":\"NTI-Feuerwehrbekleidung\"},\"image\":{\"@id\":\"https:\\\/\\\/nti-feuerwehrbekleidung.de\\\/en\\\/#\\\/schema\\\/logo\\\/image\\\/\"}},{\"@type\":\"Person\",\"@id\":\"https:\\\/\\\/nti-feuerwehrbekleidung.de\\\/en\\\/#\\\/schema\\\/person\\\/3eda8830fe825c5cebc4877a8099c0fd\",\"name\":\"Achim von Bremen\",\"url\":\"https:\\\/\\\/nti-feuerwehrbekleidung.de\\\/en\\\/aktuelles\\\/author\\\/achim-von-bremen\\\/\"}]}<\/script>\n<!-- \/ Yoast SEO plugin. -->","yoast_head_json":{"title":"New image film in the can - NTI-Feuerwehrbekleidung","robots":{"index":"index","follow":"follow","max-snippet":"max-snippet:-1","max-image-preview":"max-image-preview:large","max-video-preview":"max-video-preview:-1"},"canonical":"https:\/\/nti-feuerwehrbekleidung.de\/en\/aktuelles\/uncategorized\/new-image-film-in-the-can\/","og_locale":"en_US","og_type":"article","og_title":"New image film in the can - NTI-Feuerwehrbekleidung","og_description":"Nach dem erfolgreichen Release des Mutliflex Image-Films, wurden nun auch unsere Innenangriffsprodukte NTi Modell 1 und Modell 2 actionreich in Szene gesetzt. Wir sind der Meinung, dass Feuerwehrschutzbekleidung ein Produkt ist, das es verdient hat extrem emotional pr\u00e4sentiert zu werden. Und wer k\u00f6nnte diese Aufgabe besser erf\u00fcllen, als Feuerwehrkameradinnen und -kameraden, die die Bekleidung auch [&hellip;]","og_url":"https:\/\/nti-feuerwehrbekleidung.de\/en\/aktuelles\/uncategorized\/new-image-film-in-the-can\/","og_site_name":"NTI-Feuerwehrbekleidung","article_published_time":"2024-08-10T14:22:45+00:00","article_modified_time":"2024-09-18T08:03:36+00:00","og_image":[{"width":2560,"height":1920,"url":"https:\/\/nti-feuerwehrbekleidung.de\/wp-content\/uploads\/2024\/08\/IMG_0868-scaled.jpg","type":"image\/jpeg"}],"author":"Achim von Bremen","twitter_card":"summary_large_image","twitter_misc":{"Written by":"Achim von Bremen","Est. reading time":"2 minutes"},"schema":{"@context":"https:\/\/schema.org","@graph":[{"@type":"Article","@id":"https:\/\/nti-feuerwehrbekleidung.de\/en\/aktuelles\/uncategorized\/new-image-film-in-the-can\/#article","isPartOf":{"@id":"https:\/\/nti-feuerwehrbekleidung.de\/en\/aktuelles\/uncategorized\/new-image-film-in-the-can\/"},"author":{"name":"Achim von Bremen","@id":"https:\/\/nti-feuerwehrbekleidung.de\/en\/#\/schema\/person\/3eda8830fe825c5cebc4877a8099c0fd"},"headline":"New image film in the can","datePublished":"2024-08-10T14:22:45+00:00","dateModified":"2024-09-18T08:03:36+00:00","mainEntityOfPage":{"@id":"https:\/\/nti-feuerwehrbekleidung.de\/en\/aktuelles\/uncategorized\/new-image-film-in-the-can\/"},"wordCount":117,"publisher":{"@id":"https:\/\/nti-feuerwehrbekleidung.de\/en\/#organization"},"image":{"@id":"https:\/\/nti-feuerwehrbekleidung.de\/en\/aktuelles\/uncategorized\/new-image-film-in-the-can\/#primaryimage"},"thumbnailUrl":"https:\/\/nti-feuerwehrbekleidung.de\/wp-content\/uploads\/2024\/08\/IMG_0868-scaled.jpg","inLanguage":"en-US"},{"@type":"WebPage","@id":"https:\/\/nti-feuerwehrbekleidung.de\/en\/aktuelles\/uncategorized\/new-image-film-in-the-can\/","url":"https:\/\/nti-feuerwehrbekleidung.de\/en\/aktuelles\/uncategorized\/new-image-film-in-the-can\/","name":"New image film in the can - NTI-Feuerwehrbekleidung","isPartOf":{"@id":"https:\/\/nti-feuerwehrbekleidung.de\/en\/#website"},"primaryImageOfPage":{"@id":"https:\/\/nti-feuerwehrbekleidung.de\/en\/aktuelles\/uncategorized\/new-image-film-in-the-can\/#primaryimage"},"image":{"@id":"https:\/\/nti-feuerwehrbekleidung.de\/en\/aktuelles\/uncategorized\/new-image-film-in-the-can\/#primaryimage"},"thumbnailUrl":"https:\/\/nti-feuerwehrbekleidung.de\/wp-content\/uploads\/2024\/08\/IMG_0868-scaled.jpg","datePublished":"2024-08-10T14:22:45+00:00","dateModified":"2024-09-18T08:03:36+00:00","breadcrumb":{"@id":"https:\/\/nti-feuerwehrbekleidung.de\/en\/aktuelles\/uncategorized\/new-image-film-in-the-can\/#breadcrumb"},"inLanguage":"en-US","potentialAction":[{"@type":"ReadAction","target":["https:\/\/nti-feuerwehrbekleidung.de\/en\/aktuelles\/uncategorized\/new-image-film-in-the-can\/"]}]},{"@type":"ImageObject","inLanguage":"en-US","@id":"https:\/\/nti-feuerwehrbekleidung.de\/en\/aktuelles\/uncategorized\/new-image-film-in-the-can\/#primaryimage","url":"https:\/\/nti-feuerwehrbekleidung.de\/wp-content\/uploads\/2024\/08\/IMG_0868-scaled.jpg","contentUrl":"https:\/\/nti-feuerwehrbekleidung.de\/wp-content\/uploads\/2024\/08\/IMG_0868-scaled.jpg","width":2560,"height":1920},{"@type":"BreadcrumbList","@id":"https:\/\/nti-feuerwehrbekleidung.de\/en\/aktuelles\/uncategorized\/new-image-film-in-the-can\/#breadcrumb","itemListElement":[{"@type":"ListItem","position":1,"name":"Startseite","item":"https:\/\/nti-feuerwehrbekleidung.de\/en\/home-page\/"},{"@type":"ListItem","position":2,"name":"New image film in the can"}]},{"@type":"WebSite","@id":"https:\/\/nti-feuerwehrbekleidung.de\/en\/#website","url":"https:\/\/nti-feuerwehrbekleidung.de\/en\/","name":"NTI-Feuerwehrbekleidung","description":"Die premium Feuerwehrbekleidung","publisher":{"@id":"https:\/\/nti-feuerwehrbekleidung.de\/en\/#organization"},"potentialAction":[{"@type":"SearchAction","target":{"@type":"EntryPoint","urlTemplate":"https:\/\/nti-feuerwehrbekleidung.de\/en\/?s={search_term_string}"},"query-input":{"@type":"PropertyValueSpecification","valueRequired":true,"valueName":"search_term_string"}}],"inLanguage":"en-US"},{"@type":"Organization","@id":"https:\/\/nti-feuerwehrbekleidung.de\/en\/#organization","name":"NTI-Feuerwehrbekleidung","url":"https:\/\/nti-feuerwehrbekleidung.de\/en\/","logo":{"@type":"ImageObject","inLanguage":"en-US","@id":"https:\/\/nti-feuerwehrbekleidung.de\/en\/#\/schema\/logo\/image\/","url":"https:\/\/nti-feuerwehrbekleidung.de\/wp-content\/uploads\/2023\/07\/Logo_Novotex-Isomat.png","contentUrl":"https:\/\/nti-feuerwehrbekleidung.de\/wp-content\/uploads\/2023\/07\/Logo_Novotex-Isomat.png","width":885,"height":885,"caption":"NTI-Feuerwehrbekleidung"},"image":{"@id":"https:\/\/nti-feuerwehrbekleidung.de\/en\/#\/schema\/logo\/image\/"}},{"@type":"Person","@id":"https:\/\/nti-feuerwehrbekleidung.de\/en\/#\/schema\/person\/3eda8830fe825c5cebc4877a8099c0fd","name":"Achim von Bremen","url":"https:\/\/nti-feuerwehrbekleidung.de\/en\/aktuelles\/author\/achim-von-bremen\/"}]}},"_links":{"self":[{"href":"https:\/\/nti-feuerwehrbekleidung.de\/en\/wp-json\/wp\/v2\/posts\/3024","targetHints":{"allow":["GET"]}}],"collection":[{"href":"https:\/\/nti-feuerwehrbekleidung.de\/en\/wp-json\/wp\/v2\/posts"}],"about":[{"href":"https:\/\/nti-feuerwehrbekleidung.de\/en\/wp-json\/wp\/v2\/types\/post"}],"author":[{"embeddable":true,"href":"https:\/\/nti-feuerwehrbekleidung.de\/en\/wp-json\/wp\/v2\/users\/2"}],"replies":[{"embeddable":true,"href":"https:\/\/nti-feuerwehrbekleidung.de\/en\/wp-json\/wp\/v2\/comments?post=3024"}],"version-history":[{"count":0,"href":"https:\/\/nti-feuerwehrbekleidung.de\/en\/wp-json\/wp\/v2\/posts\/3024\/revisions"}],"wp:featuredmedia":[{"embeddable":true,"href":"https:\/\/nti-feuerwehrbekleidung.de\/en\/wp-json\/wp\/v2\/media\/3042"}],"wp:attachment":[{"href":"https:\/\/nti-feuerwehrbekleidung.de\/en\/wp-json\/wp\/v2\/media?parent=3024"}],"wp:term":[{"taxonomy":"category","embeddable":true,"href":"https:\/\/nti-feuerwehrbekleidung.de\/en\/wp-json\/wp\/v2\/categories?post=3024"},{"taxonomy":"post_tag","embeddable":true,"href":"https:\/\/nti-feuerwehrbekleidung.de\/en\/wp-json\/wp\/v2\/tags?post=3024"}],"curies":[{"name":"wp","href":"https:\/\/api.w.org\/{rel}","templated":true}]}}